{"id":603,"date":"2018-03-31T16:58:12","date_gmt":"2018-03-31T14:58:12","guid":{"rendered":"https:\/\/www.idforyou.fr\/blog\/?p=603"},"modified":"2018-05-07T17:47:27","modified_gmt":"2018-05-07T15:47:27","slug":"que-nous-reserve-lipad-9-7-6eme-generation-dapple","status":"publish","type":"post","link":"https:\/\/www.idforyou.fr\/blog\/2018\/03\/31\/que-nous-reserve-lipad-9-7-6eme-generation-dapple\/","title":{"rendered":"Que nous r\u00e9serve l\u2019iPad 9.7 6\u00e8me g\u00e9n\u00e9ration d\u2019Apple\u00a0?"},"content":{"rendered":"<p style=\"text-align: center;\"><a style=\"text-align: center; font-size: 1rem;\" href=\"http:\/\/www.idforyou.fr\"><span style=\"font-size: 10pt; font-family: helvetica, arial, sans-serif;\"><strong><img loading=\"lazy\" class=\"aligncenter wp-image-629 size-full\" src=\"https:\/\/www.idforyou.fr\/blog\/wp-content\/uploads\/2018\/03\/TITRE.jpg\" alt=\"\" width=\"3000\" height=\"1598\" srcset=\"https:\/\/www.idforyou.fr\/blog\/wp-content\/uploads\/2018\/03\/TITRE.jpg 3000w, https:\/\/www.idforyou.fr\/blog\/wp-content\/uploads\/2018\/03\/TITRE-300x160.jpg 300w, https:\/\/www.idforyou.fr\/blog\/wp-content\/uploads\/2018\/03\/TITRE-768x409.jpg 768w, https:\/\/www.idforyou.fr\/blog\/wp-content\/uploads\/2018\/03\/TITRE-1024x545.jpg 1024w\" sizes=\"(max-width: 767px) 89vw, (max-width: 1000px) 54vw, (max-width: 1071px) 543px, 580px\" \/><\/strong><\/span><\/a><span style=\"font-family: helvetica, arial, sans-serif;\">Par Amina<\/span><\/p>\n<hr \/>\n<p style=\"text-align: justify;\"><span style=\"font-family: helvetica, arial, sans-serif; font-size: 10pt;\">Apple\u00a0d\u00e9voile\u00a0un nouveau membre de la famille iPad. Un m\u00e9lange entre l\u2019iPhone 7 et l&rsquo;iPad Air \u00e0 un prix plus abordable. Le nouvel iPad 9.7 pouces 6\u00e8me g\u00e9n\u00e9ration est un mini-ordinateur de poche. Avec sa petite taille, il vous accompagne partout et vous pourrez l\u2019utiliser de multiples fa\u00e7ons. Son prix est compris entre \u00ab\u00a0seulement\u00a0\u00bb 359\u20ac et 400\u20ac selon les points de vente. Reconnaissez que ce ne sont pas les prix habituels pour un appareil Apple de cette qualit\u00e9, qui reprend toutes les fonctionnalit\u00e9s des autres iPads. En plus, de son prix, de nouvelles applications et technologies sont disponibles afin de rendre cet iPad 6eme g\u00e9n\u00e9ration, comme l\u2019un des meilleurs sur le march\u00e9. Cette tablette est un cocktail bien dos\u00e9, pr\u00e9sentant bien des atouts\u2026 et pas uniquement son prix.<\/span><\/p>\n<p><!--more--><\/p>\n<hr \/>\n<p><span style=\"font-family: helvetica, arial, sans-serif;\"><strong>La puissance d\u2019un ordinateur au format tablette<\/strong><\/span><\/p>\n<p style=\"text-align: justify;\"><span style=\"font-family: helvetica, arial, sans-serif; font-size: 10pt;\">Tr\u00e8s compact et l\u00e9ger l\u2019iPad 9.7 6\u00e8me g\u00e9n\u00e9ration poss\u00e8de un processeur de 2.34 GHz, 2 Go de RAM et une grosse batterie de 32.9 Wh, qui lui offre une autonomie d\u00e9passant largement les 10 heures. Dot\u00e9 d\u2019un syst\u00e8me-sur-puce A10 Fusion, h\u00e9rit\u00e9 de l\u2019iPhone 7, qui devrait lui assurer une prise en charge logicielle pendant les trois prochaines ann\u00e9es au moins. L\u2019iPad 9.7 6\u00e8me g\u00e9n\u00e9ration est 30 % plus rapide que son pr\u00e9d\u00e9cesseur, l\u2019iPad 9.7 5\u00e8me g\u00e9n\u00e9ration, il est ainsi \u00e0 peu pr\u00e8s aussi puissant qu\u2019un MacBook. <strong>C\u2019est un v\u00e9ritable ordinateur de poche\u00a0!<\/strong> Vous pouvez faire des recherches sur le Web tout en r\u00e9pondant \u00e0 l\u2019appel FaceTime d\u2019un coll\u00e8gue. L\u2019iPad comprend deux appareils photo dot\u00e9 d\u2019un capteur de 8 Mpx\u00a0qui font bien plus que de belles photos : int\u00e9gr\u00e9s \u00e0 l\u2019avant et \u00e0 l\u2019arri\u00e8re. Ils vous permettent, en plus des photos, de filmer des vid\u00e9os incroyables, de scanner des documents, etc\u2026 <\/span><br \/>\n<span style=\"font-family: helvetica, arial, sans-serif; font-size: 10pt;\">L\u2019iPad 9.7 6\u00e8me g\u00e9n\u00e9ration est tellement intuitif que vous pourrez l\u2019utiliser de multiples fa\u00e7ons\u00a0: avec les doigts, un crayon ou m\u00eame un clavier. Vous pouvez ais\u00e9ment le connecter \u00e0 un clavier Bluetooth. La connexion se faut en haut d\u00e9bit dans plus de 180 pays et r\u00e9gions, dans les transports en commun, dans les zones WIFI d\u00e9di\u00e9es, etc&#8230;<\/span><\/p>\n<p><img loading=\"lazy\" class=\"aligncenter wp-image-628 size-full\" src=\"https:\/\/www.idforyou.fr\/blog\/wp-content\/uploads\/2018\/05\/IPAD4.jpg\" alt=\"\" width=\"1012\" height=\"567\" srcset=\"https:\/\/www.idforyou.fr\/blog\/wp-content\/uploads\/2018\/05\/IPAD4.jpg 1012w, https:\/\/www.idforyou.fr\/blog\/wp-content\/uploads\/2018\/05\/IPAD4-300x168.jpg 300w, https:\/\/www.idforyou.fr\/blog\/wp-content\/uploads\/2018\/05\/IPAD4-768x430.jpg 768w\" sizes=\"(max-width: 767px) 89vw, (max-width: 1000px) 54vw, (max-width: 1071px) 543px, 580px\" \/><\/p>\n<p style=\"text-align: justify;\"><span style=\"font-family: helvetica, arial, sans-serif; font-size: 10pt;\">Ce nouvel iPad 9.7 6\u00e8me g\u00e9n\u00e9ration reprend trait pour trait le design de son pr\u00e9d\u00e9cesseur. Les coloris\u00a0sont quasiment les m\u00eames\u00a0: gris sid\u00e9ral, argent et or, avec une l\u00e9g\u00e8re modification de la couleur or qui tire vers le ros\u00e9. De plus, son \u00e9cran R\u00e9tina de 9,7 pouces est largement suffisant pour ne pas permettre de distinguer les pixels. Malgr\u00e9 l&rsquo;absence de la technologie TrueTone, il affiche des couleurs \u00e9tonnamment vives et puissantes. Ext\u00e9rieurement, l\u2019iPad cuv\u00e9e 2018 est le clone de son a\u00een\u00e9. M\u00eame bordures larges, m\u00eame bouton Touch ID. <\/span><img loading=\"lazy\" class=\"aligncenter wp-image-617 size-full\" src=\"https:\/\/www.idforyou.fr\/blog\/wp-content\/uploads\/2018\/05\/IPAD.jpg\" alt=\"\" width=\"1654\" height=\"2031\" srcset=\"https:\/\/www.idforyou.fr\/blog\/wp-content\/uploads\/2018\/05\/IPAD.jpg 1654w, https:\/\/www.idforyou.fr\/blog\/wp-content\/uploads\/2018\/05\/IPAD-244x300.jpg 244w, https:\/\/www.idforyou.fr\/blog\/wp-content\/uploads\/2018\/05\/IPAD-768x943.jpg 768w, https:\/\/www.idforyou.fr\/blog\/wp-content\/uploads\/2018\/05\/IPAD-834x1024.jpg 834w\" sizes=\"(max-width: 767px) 89vw, (max-width: 1000px) 54vw, (max-width: 1071px) 543px, 580px\" \/><\/p>\n<hr \/>\n<p style=\"text-align: justify;\"><strong><span style=\"font-size: 12pt; font-family: helvetica, arial, sans-serif;\">Le stylet qui change tout<\/span><\/strong><\/p>\n<p style=\"text-align: justify;\"><span style=\"font-size: 10pt; font-family: helvetica, arial, sans-serif;\">Le stylet Apple Pencil est d\u00e9sormais compatible avec l&rsquo;iPad 9.7 6\u00e8me g\u00e9n\u00e9ration, lui qui \u00e9tait, jusqu\u2019\u00e0 pr\u00e9sent, r\u00e9serv\u00e9 uniquement aux iPad Pro. L\u2019iPad 9.7 6\u00e8me g\u00e9n\u00e9ration peut \u00eatre utilis\u00e9 aussi bien avec le stylet d\u00e9velopp\u00e9 par Apple, \u00e0 99 \u20ac, qu&rsquo;avec d\u2019autres stylets d\u00e9velopp\u00e9s par des accessoiristes. Le stylet va permettre en effet facilement de prendre des notes depuis l&rsquo;application Notes, d&rsquo;annoter des captures d&rsquo;\u00e9cran, d\u2019esquisser, ou de dessiner avec une haute pr\u00e9cision. La r\u00e9cente mise \u00e0 jour de la suite bureautique iWork (Pages, Numbers, Keynote) permet \u00e0 l&rsquo;utilisateur de s\u00e9lectionner le type de \u00ab\u00a0crayon\u00a0\u00bb qu&rsquo;il veut utiliser et la couleur de l\u2019\u00e9criture.<\/span><\/p>\n<p><img loading=\"lazy\" class=\"aligncenter wp-image-620 size-full\" src=\"https:\/\/www.idforyou.fr\/blog\/wp-content\/uploads\/2018\/05\/STYLET-2.jpg\" alt=\"\" width=\"1654\" height=\"1558\" srcset=\"https:\/\/www.idforyou.fr\/blog\/wp-content\/uploads\/2018\/05\/STYLET-2.jpg 1654w, https:\/\/www.idforyou.fr\/blog\/wp-content\/uploads\/2018\/05\/STYLET-2-300x283.jpg 300w, https:\/\/www.idforyou.fr\/blog\/wp-content\/uploads\/2018\/05\/STYLET-2-768x723.jpg 768w, https:\/\/www.idforyou.fr\/blog\/wp-content\/uploads\/2018\/05\/STYLET-2-1024x965.jpg 1024w\" sizes=\"(max-width: 767px) 89vw, (max-width: 1000px) 54vw, (max-width: 1071px) 543px, 580px\" \/><\/p>\n<hr \/>\n<p style=\"text-align: justify;\"><strong><span style=\"font-size: 12pt; font-family: helvetica, arial, sans-serif;\">La r\u00e9alit\u00e9 augment\u00e9e am\u00e9lior\u00e9e<\/span><\/strong><\/p>\n<p style=\"text-align: justify;\"><strong><span style=\"font-size: 10pt; font-family: helvetica, arial, sans-serif;\">De plus, une nouvelle technologie est int\u00e9gr\u00e9e : la r\u00e9alit\u00e9 augment\u00e9e.<\/span><\/strong><br \/>\n<span style=\"font-size: 10pt; font-family: helvetica, arial, sans-serif;\">Les diverses am\u00e9liorations apport\u00e9es, comme la d\u00e9tection des surfaces verticales, la possibilit\u00e9 de placer des objets sur ces surfaces, ou encore une r\u00e9solution am\u00e9lior\u00e9e, la rendront encore plus r\u00e9aliste\u00a0! De l\u2019\u00e9cran, \u00e0 la puissance de traitement, en passant par la cam\u00e9ra et les capteurs de mouvement, tout est fait pour donner aux applications de r\u00e9alit\u00e9 augment\u00e9e une v\u00e9ritable touche de magie ! Au niveau logiciel, l&rsquo;iPad 9.7 6\u00e8me g\u00e9n\u00e9ration utilise iOS 11.3 qui permet notamment, gr\u00e2ce \u00e0 une mise \u00e0 jour d&rsquo;ARKit (le syst\u00e8me de r\u00e9alit\u00e9 augment\u00e9e d&rsquo;Apple), d&rsquo;afficher des \u00e9l\u00e9ments sur les murs et plus seulement sur le sol. Pour permettre \u00e0 ce nouvel iPad de la supporter pleinement, Apple a opt\u00e9 pour un processeur plus puissant. C&rsquo;est une puce A10 Fusion, la m\u00eame que celle des iPhone 7 et 7 Plus, qui prend place.<\/span><\/p>\n<p><img loading=\"lazy\" class=\"alignnone wp-image-619 size-full\" src=\"https:\/\/www.idforyou.fr\/blog\/wp-content\/uploads\/2018\/05\/REALITE-1.jpg\" alt=\"\" width=\"1654\" height=\"1368\" srcset=\"https:\/\/www.idforyou.fr\/blog\/wp-content\/uploads\/2018\/05\/REALITE-1.jpg 1654w, https:\/\/www.idforyou.fr\/blog\/wp-content\/uploads\/2018\/05\/REALITE-1-300x248.jpg 300w, https:\/\/www.idforyou.fr\/blog\/wp-content\/uploads\/2018\/05\/REALITE-1-768x635.jpg 768w, https:\/\/www.idforyou.fr\/blog\/wp-content\/uploads\/2018\/05\/REALITE-1-1024x847.jpg 1024w\" sizes=\"(max-width: 767px) 89vw, (max-width: 1000px) 54vw, (max-width: 1071px) 543px, 580px\" \/><\/p>\n<hr \/>\n<p style=\"text-align: justify;\"><strong><span style=\"font-size: 12pt; font-family: helvetica, arial, sans-serif;\">Une l\u00e9g\u00e8re d\u00e9ception\u2026 L\u2019\u00e9cran \u00ab\u00a0R\u00e9tina\u00a0\u00bb est loin d\u2019\u00eatre exceptionnel\u00a0!<\/span><\/strong><\/p>\n<p style=\"text-align: justify;\"><span style=\"font-size: 10pt; font-family: helvetica, arial, sans-serif;\">Malgr\u00e9 la technologie de l\u2019\u00e9cran \u00ab\u00a0R\u00e9tina\u00a0\u00bb, qui signifie que les pixels individuels ne sont plus visibles, l\u2019iPad 9.7 6\u00e8me g\u00e9n\u00e9ration, avec sa densit\u00e9 de pixels de 264ppi, est loin d\u2019\u00eatre exceptionnel sur ce point. On remarque en effet, que certaines lettres manquent de nettet\u00e9, surtout avec de petites polices de caract\u00e8re ou un fort niveau de zoom. La lisibilit\u00e9 reste bonne, mais l\u2019\u00e9cran devrait \u00eatre meilleur pour cette gamme de prix.<\/span><\/p>\n<hr \/>\n<p style=\"text-align: justify;\"><strong><span style=\"font-size: 12pt; font-family: helvetica, arial, sans-serif;\">Pas top ces haut-parleurs\u00a0!<\/span><\/strong><\/p>\n<p style=\"text-align: justify;\"><span style=\"font-size: 10pt; font-family: helvetica, arial, sans-serif;\">Etant plac\u00e9s tous les deux sur le bord inf\u00e9rieur de la tablette, les haut-parleurs, sont un peu d\u00e9cevants. En effet, lorsque vous visionner une vid\u00e9o ou un film, le son ne se propage que dans une seule direction.<\/span><\/p>\n<p><img loading=\"lazy\" class=\"aligncenter wp-image-616 size-full\" src=\"https:\/\/www.idforyou.fr\/blog\/wp-content\/uploads\/2018\/05\/APPLI-1.jpg\" alt=\"\" width=\"1654\" height=\"1726\" srcset=\"https:\/\/www.idforyou.fr\/blog\/wp-content\/uploads\/2018\/05\/APPLI-1.jpg 1654w, https:\/\/www.idforyou.fr\/blog\/wp-content\/uploads\/2018\/05\/APPLI-1-287x300.jpg 287w, https:\/\/www.idforyou.fr\/blog\/wp-content\/uploads\/2018\/05\/APPLI-1-768x801.jpg 768w, https:\/\/www.idforyou.fr\/blog\/wp-content\/uploads\/2018\/05\/APPLI-1-981x1024.jpg 981w\" sizes=\"(max-width: 767px) 89vw, (max-width: 1000px) 54vw, (max-width: 1071px) 543px, 580px\" \/><\/p>\n<hr \/>\n<p style=\"text-align: justify;\"><strong><span style=\"font-size: 12pt; font-family: helvetica, arial, sans-serif;\">Un compromis qui en vaut la peine<\/span><\/strong><\/p>\n<p style=\"text-align: justify;\"><span style=\"font-size: 10pt; font-family: helvetica, arial, sans-serif;\">Cet iPad 9.7 6\u00e8me g\u00e9n\u00e9ration n&rsquo;en reste pas moins une tr\u00e8s bonne tablette pour le grand public. Face aux tablettes Android habituellement sur ces segments de prix, cette nouvelle g\u00e9n\u00e9ration d&rsquo;iPad a de s\u00e9rieux arguments. Pour 359 euros, cet iPad est actuellement le plus abordable de la gamme de tablettes d&rsquo;Apple. Malgr\u00e9 son prix r\u00e9duit, il offre des caract\u00e9ristiques plus que satisfaisantes. D&rsquo;autant que l&rsquo;offre applicative d&rsquo;Apple reste son principal avantage sur ses concurrents.<br \/>\n<\/span><strong><em><span style=\"font-size: 10pt; font-family: helvetica, arial, sans-serif;\">Tous les accessoires compatibles iPad 9.7 5\u00e8me g\u00e9n\u00e9ration le sont \u00e9galement avec le nouvel iPad 9.7 6\u00e8me g\u00e9n\u00e9ration\u00a0<\/span><\/em><\/strong><\/p>\n<p><span style=\"font-size: 10pt; font-family: helvetica, arial, sans-serif;\">Quelques propositions ci-apr\u00e8s\u00a0:<br \/>\n<\/span><a href=\"https:\/\/www.idforyou.fr\/fr\/coque-etanche-tablettes\/1004-the-joy-factory-coque-de-protection-etanche-pour-ipad-9-7-6e-gen-3700726113936.html\" target=\"_blank\" rel=\"noopener\"><span style=\"font-family: helvetica, arial, sans-serif; font-size: 10pt;\"><strong>Coque de protection etanche pour iPad 9.7 6e Gen<\/strong><\/span><\/a><br \/>\n<a href=\"https:\/\/www.idforyou.fr\/fr\/coque-etanche-tablettes\/571-the-joy-factory-axtion-pro-m-coque-ultra-resistante-ipad-97-5e-gen-3700726110270.html\" target=\"_blank\" rel=\"noopener\"><span style=\"font-family: helvetica, arial, sans-serif; font-size: 10pt;\"> <strong>Coque ultra resistante &#8211; iPad 9.7 5e gen<\/strong><\/span><\/a><br \/>\n<a href=\"https:\/\/www.idforyou.fr\/fr\/coque-protection-tablettes\/517-uag-metropolis-coque-folio-renforcee-ipad-2017.html\" target=\"_blank\" rel=\"noopener\"><span style=\"font-family: helvetica, arial, sans-serif; font-size: 10pt;\"> <strong>Coque folio renforc\u00e9e &#8211; iPad 2017<\/strong><\/span><\/a><\/p>\n","protected":false},"excerpt":{"rendered":"<p>Par Amina Apple\u00a0d\u00e9voile\u00a0un nouveau membre de la famille iPad. Un m\u00e9lange entre l\u2019iPhone 7 et l&rsquo;iPad Air \u00e0 un prix plus abordable. Le nouvel iPad 9.7 pouces 6\u00e8me g\u00e9n\u00e9ration est un mini-ordinateur de poche. Avec sa petite taille, il vous accompagne partout et vous pourrez l\u2019utiliser de multiples fa\u00e7ons. Son prix est compris entre \u00ab\u00a0seulement\u00a0\u00bb &hellip; <\/p>\n<p class=\"link-more\"><a href=\"https:\/\/www.idforyou.fr\/blog\/2018\/03\/31\/que-nous-reserve-lipad-9-7-6eme-generation-dapple\/\" class=\"more-link\">Continuer la lecture<span class=\"screen-reader-text\"> de &laquo;&nbsp;Que nous r\u00e9serve l\u2019iPad 9.7 6\u00e8me g\u00e9n\u00e9ration d\u2019Apple\u00a0?&nbsp;&raquo;<\/span><\/a><\/p>\n","protected":false},"author":2,"featured_media":0,"comment_status":"open","ping_status":"open","sticky":false,"template":"","format":"standard","meta":[],"categories":[11],"tags":[],"_links":{"self":[{"href":"https:\/\/www.idforyou.fr\/blog\/wp-json\/wp\/v2\/posts\/603"}],"collection":[{"href":"https:\/\/www.idforyou.fr\/blog\/wp-json\/wp\/v2\/posts"}],"about":[{"href":"https:\/\/www.idforyou.fr\/blog\/wp-json\/wp\/v2\/types\/post"}],"author":[{"embeddable":true,"href":"https:\/\/www.idforyou.fr\/blog\/wp-json\/wp\/v2\/users\/2"}],"replies":[{"embeddable":true,"href":"https:\/\/www.idforyou.fr\/blog\/wp-json\/wp\/v2\/comments?post=603"}],"version-history":[{"count":13,"href":"https:\/\/www.idforyou.fr\/blog\/wp-json\/wp\/v2\/posts\/603\/revisions"}],"predecessor-version":[{"id":630,"href":"https:\/\/www.idforyou.fr\/blog\/wp-json\/wp\/v2\/posts\/603\/revisions\/630"}],"wp:attachment":[{"href":"https:\/\/www.idforyou.fr\/blog\/wp-json\/wp\/v2\/media?parent=603"}],"wp:term":[{"taxonomy":"category","embeddable":true,"href":"https:\/\/www.idforyou.fr\/blog\/wp-json\/wp\/v2\/categories?post=603"},{"taxonomy":"post_tag","embeddable":true,"href":"https:\/\/www.idforyou.fr\/blog\/wp-json\/wp\/v2\/tags?post=603"}],"curies":[{"name":"wp","href":"https:\/\/api.w.org\/{rel}","templated":true}]}}